{"id":9339,"date":"2024-10-31T11:36:24","date_gmt":"2024-10-31T07:36:24","guid":{"rendered":"https:\/\/jsgauloise.fr\/?p=9339"},"modified":"2024-10-31T11:36:24","modified_gmt":"2024-10-31T07:36:24","slug":"maeva-ramalingom-au-rassemblement-outre-mer-de-la-fff-a-clairefontaine","status":"publish","type":"post","link":"https:\/\/jsgauloise.fr\/?p=9339","title":{"rendered":"Ma\u00ebva RAMALINGOM au rassemblement Outre-Mer de la FFF \u00e0 Clairefontaine"},"content":{"rendered":"<div class=\"\" data-block=\"true\" data-editor=\"11s6f\" data-offset-key=\"altc2-0-0\">&nbsp;<\/div>\n<div class=\"\" data-block=\"true\" data-editor=\"11s6f\" data-offset-key=\"bnb4f-0-0\">\n<div class=\"_1mf _1mj\" data-offset-key=\"bnb4f-0-0\">Notre joueuse Ma\u00ebva RAMALINGOM est officiellement convoqu\u00e9e pour le rassemblement Outre-Mer de la F\u00e9d\u00e9ration Fran\u00e7aise de Football \u00e0 Clairefontaine, qui aura lieu du 18 au 21 novembre prochain ! \u26bd\ufe0f<\/div>\n<\/div>\n<div class=\"\" data-block=\"true\" data-editor=\"11s6f\" data-offset-key=\"atlet-0-0\">\n<div class=\"_1mf _1mj\" data-offset-key=\"atlet-0-0\"><span data-offset-key=\"atlet-0-0\">&nbsp;<\/span><\/div>\n<\/div>\n<div class=\"\" data-block=\"true\" data-editor=\"11s6f\" data-offset-key=\"3it20-0-0\">\n<div class=\"_1mf _1mj\" data-offset-key=\"3it20-0-0\"><span data-offset-key=\"3it20-0-0\">Ce stage est une belle opportunit\u00e9 pour Ma\u00ebva, qui repr\u00e9sente fi\u00e8rement les couleurs de la JS Gauloise. Nous sommes immens\u00e9ment fiers de son parcours, fruit de son talent, de sa d\u00e9termination et de l&rsquo;encadrement de qualit\u00e9 offert par les \u00e9quipes techniques (Ligue et club).<\/span><\/div>\n<\/div>\n<div class=\"\" data-block=\"true\" data-editor=\"11s6f\" data-offset-key=\"3cmfd-0-0\">\n<div class=\"_1mf _1mj\" data-offset-key=\"3cmfd-0-0\"><span data-offset-key=\"3cmfd-0-0\">&nbsp;<\/span><\/div>\n<\/div>\n<div class=\"\" data-block=\"true\" data-editor=\"11s6f\" data-offset-key=\"74rg2-0-0\">\n<div class=\"_1mf _1mj\" data-offset-key=\"74rg2-0-0\"><span data-offset-key=\"74rg2-0-0\">\ud83d\udc4f Bravo \u00e0 Ma\u00ebva pour cette \u00e9tape franchie avec brio ! Merci \u00e9galement \u00e0 sa famille et \u00e0 tous ceux qui l&rsquo;ont soutenue dans cette aventure. Ce n\u2019est qu&rsquo;un d\u00e9but, et l\u2019avenir promet encore de belles choses.<\/span><\/div>\n<\/div>\n<div class=\"\" data-block=\"true\" data-editor=\"11s6f\" data-offset-key=\"dj3ov-0-0\">\n<div class=\"_1mf _1mj\" data-offset-key=\"dj3ov-0-0\"><span data-offset-key=\"dj3ov-0-0\">&nbsp;<\/span><\/div>\n<\/div>\n<div class=\"\" data-block=\"true\" data-editor=\"11s6f\" data-offset-key=\"5eunt-0-0\">\n<div class=\"_1mf _1mj\" data-offset-key=\"5eunt-0-0\"><span data-offset-key=\"5eunt-0-0\">En route pour Clairefontaine, Ma\u00ebva ! \ud83d\udeeb\u2764\ud83d\udcaa<\/span><\/div>\n<div data-offset-key=\"5eunt-0-0\">&nbsp;<\/div>\n<div data-offset-key=\"5eunt-0-0\"><img loading=\"lazy\" decoding=\"async\" class=\"size-full wp-image-9340 aligncenter\" src=\"https:\/\/jsgauloise.fr\/wp-content\/uploads\/2024\/10\/maeva-CNF.png\" alt=\"\" width=\"1080\" height=\"1080\" srcset=\"https:\/\/jsgauloise.fr\/wp-content\/uploads\/2024\/10\/maeva-CNF.png 1080w, https:\/\/jsgauloise.fr\/wp-content\/uploads\/2024\/10\/maeva-CNF-300x300.png 300w, https:\/\/jsgauloise.fr\/wp-content\/uploads\/2024\/10\/maeva-CNF-1024x1024.png 1024w, https:\/\/jsgauloise.fr\/wp-content\/uploads\/2024\/10\/maeva-CNF-150x150.png 150w, https:\/\/jsgauloise.fr\/wp-content\/uploads\/2024\/10\/maeva-CNF-768x768.png 768w, https:\/\/jsgauloise.fr\/wp-content\/uploads\/2024\/10\/maeva-CNF-128x128.png 128w, https:\/\/jsgauloise.fr\/wp-content\/uploads\/2024\/10\/maeva-CNF-32x32.png 32w\" sizes=\"(max-width: 1080px) 100vw, 1080px\" \/><\/div>\n<\/div>\n","protected":false},"excerpt":{"rendered":"<p>&nbsp; Notre joueuse Ma\u00ebva RAMALINGOM est officiellement convoqu\u00e9e pour le rassemblement Outre-Mer de la F\u00e9d\u00e9ration Fran\u00e7aise de Football \u00e0 Clairefontaine, qui aura lieu du 18 au 21 novembre prochain ! [&hellip;]<\/p>\n","protected":false},"author":3,"featured_media":9340,"comment_status":"closed","ping_status":"open","sticky":false,"template":"","format":"standard","meta":{"om_disable_all_campaigns":false,"_monsterinsights_skip_tracking":false,"_monsterinsights_sitenote_active":false,"_monsterinsights_sitenote_note":"","_monsterinsights_sitenote_category":0,"ngg_post_thumbnail":0,"footnotes":""},"categories":[28,6,16],"tags":[],"aioseo_notices":[],"_links":{"self":[{"href":"https:\/\/jsgauloise.fr\/index.php?rest_route=\/wp\/v2\/posts\/9339"}],"collection":[{"href":"https:\/\/jsgauloise.fr\/index.php?rest_route=\/wp\/v2\/posts"}],"about":[{"href":"https:\/\/jsgauloise.fr\/index.php?rest_route=\/wp\/v2\/types\/post"}],"author":[{"embeddable":true,"href":"https:\/\/jsgauloise.fr\/index.php?rest_route=\/wp\/v2\/users\/3"}],"replies":[{"embeddable":true,"href":"https:\/\/jsgauloise.fr\/index.php?rest_route=%2Fwp%2Fv2%2Fcomments&post=9339"}],"version-history":[{"count":2,"href":"https:\/\/jsgauloise.fr\/index.php?rest_route=\/wp\/v2\/posts\/9339\/revisions"}],"predecessor-version":[{"id":9342,"href":"https:\/\/jsgauloise.fr\/index.php?rest_route=\/wp\/v2\/posts\/9339\/revisions\/9342"}],"wp:featuredmedia":[{"embeddable":true,"href":"https:\/\/jsgauloise.fr\/index.php?rest_route=\/wp\/v2\/media\/9340"}],"wp:attachment":[{"href":"https:\/\/jsgauloise.fr\/index.php?rest_route=%2Fwp%2Fv2%2Fmedia&parent=9339"}],"wp:term":[{"taxonomy":"category","embeddable":true,"href":"https:\/\/jsgauloise.fr\/index.php?rest_route=%2Fwp%2Fv2%2Fcategories&post=9339"},{"taxonomy":"post_tag","embeddable":true,"href":"https:\/\/jsgauloise.fr\/index.php?rest_route=%2Fwp%2Fv2%2Ftags&post=9339"}],"curies":[{"name":"wp","href":"https:\/\/api.w.org\/{rel}","templated":true}]}}