{"id":6506,"date":"2024-03-17T14:05:59","date_gmt":"2024-03-17T10:05:59","guid":{"rendered":"https:\/\/jsgauloise.fr\/?p=6506"},"modified":"2024-06-11T12:46:24","modified_gmt":"2024-06-11T08:46:24","slug":"calendrier-generale-des-jeunes-2024","status":"publish","type":"post","link":"https:\/\/jsgauloise.fr\/?p=6506","title":{"rendered":"Calendrier G\u00e9n\u00e9ral des Jeunes 2024 &#8211; Mis \u00e0 jour le 21\/04\/2024"},"content":{"rendered":"<p>Calendrier g\u00e9n\u00e9ral des jeunes pour la saison 2024 (source : Ligue R\u00e9unionnaise de Football)<\/p>\n<p><a href=\"https:\/\/jsgauloise.fr\/wp-content\/uploads\/2024\/03\/Calendrier-General-des-Jeunes-2024.pdf\">Calendrier \u00e0 t\u00e9l\u00e9charger en fichier PDF<\/a><\/p>\n<p><img loading=\"lazy\" decoding=\"async\" class=\"aligncenter size-full wp-image-7727\" src=\"https:\/\/jsgauloise.fr\/wp-content\/uploads\/2024\/03\/Calendrier-General-des-Jeunes-2024-2_1-scaled-e1718095235773.jpeg\" alt=\"\" width=\"2560\" height=\"1811\" srcset=\"https:\/\/jsgauloise.fr\/wp-content\/uploads\/2024\/03\/Calendrier-General-des-Jeunes-2024-2_1-scaled-e1718095235773.jpeg 2560w, https:\/\/jsgauloise.fr\/wp-content\/uploads\/2024\/03\/Calendrier-General-des-Jeunes-2024-2_1-scaled-e1718095235773-300x212.jpeg 300w, https:\/\/jsgauloise.fr\/wp-content\/uploads\/2024\/03\/Calendrier-General-des-Jeunes-2024-2_1-scaled-e1718095235773-1024x724.jpeg 1024w, https:\/\/jsgauloise.fr\/wp-content\/uploads\/2024\/03\/Calendrier-General-des-Jeunes-2024-2_1-scaled-e1718095235773-768x543.jpeg 768w, https:\/\/jsgauloise.fr\/wp-content\/uploads\/2024\/03\/Calendrier-General-des-Jeunes-2024-2_1-scaled-e1718095235773-1536x1087.jpeg 1536w, https:\/\/jsgauloise.fr\/wp-content\/uploads\/2024\/03\/Calendrier-General-des-Jeunes-2024-2_1-scaled-e1718095235773-2048x1449.jpeg 2048w, https:\/\/jsgauloise.fr\/wp-content\/uploads\/2024\/03\/Calendrier-General-des-Jeunes-2024-2_1-scaled-e1718095235773-128x91.jpeg 128w, https:\/\/jsgauloise.fr\/wp-content\/uploads\/2024\/03\/Calendrier-General-des-Jeunes-2024-2_1-scaled-e1718095235773-32x23.jpeg 32w\" sizes=\"(max-width: 2560px) 100vw, 2560px\" \/><\/p>\n<p><img loading=\"lazy\" decoding=\"async\" class=\"aligncenter wp-image-7728 size-full\" src=\"https:\/\/jsgauloise.fr\/wp-content\/uploads\/2024\/03\/Calendrier-General-des-Jeunes-2024-2_2-scaled-e1718095375963.jpeg\" alt=\"\" width=\"2560\" height=\"1811\" srcset=\"https:\/\/jsgauloise.fr\/wp-content\/uploads\/2024\/03\/Calendrier-General-des-Jeunes-2024-2_2-scaled-e1718095375963.jpeg 2560w, https:\/\/jsgauloise.fr\/wp-content\/uploads\/2024\/03\/Calendrier-General-des-Jeunes-2024-2_2-scaled-e1718095375963-300x212.jpeg 300w, https:\/\/jsgauloise.fr\/wp-content\/uploads\/2024\/03\/Calendrier-General-des-Jeunes-2024-2_2-scaled-e1718095375963-1024x724.jpeg 1024w, https:\/\/jsgauloise.fr\/wp-content\/uploads\/2024\/03\/Calendrier-General-des-Jeunes-2024-2_2-scaled-e1718095375963-768x543.jpeg 768w, https:\/\/jsgauloise.fr\/wp-content\/uploads\/2024\/03\/Calendrier-General-des-Jeunes-2024-2_2-scaled-e1718095375963-1536x1087.jpeg 1536w, https:\/\/jsgauloise.fr\/wp-content\/uploads\/2024\/03\/Calendrier-General-des-Jeunes-2024-2_2-scaled-e1718095375963-2048x1449.jpeg 2048w, https:\/\/jsgauloise.fr\/wp-content\/uploads\/2024\/03\/Calendrier-General-des-Jeunes-2024-2_2-scaled-e1718095375963-128x91.jpeg 128w, https:\/\/jsgauloise.fr\/wp-content\/uploads\/2024\/03\/Calendrier-General-des-Jeunes-2024-2_2-scaled-e1718095375963-32x23.jpeg 32w\" sizes=\"(max-width: 2560px) 100vw, 2560px\" \/><\/p>\n<p><img loading=\"lazy\" decoding=\"async\" class=\"aligncenter wp-image-7729 size-full\" src=\"https:\/\/jsgauloise.fr\/wp-content\/uploads\/2024\/03\/Calendrier-General-des-Jeunes-2024-2_3-scaled-e1718095476180.jpeg\" alt=\"\" width=\"2560\" height=\"1811\" srcset=\"https:\/\/jsgauloise.fr\/wp-content\/uploads\/2024\/03\/Calendrier-General-des-Jeunes-2024-2_3-scaled-e1718095476180.jpeg 2560w, https:\/\/jsgauloise.fr\/wp-content\/uploads\/2024\/03\/Calendrier-General-des-Jeunes-2024-2_3-scaled-e1718095476180-300x212.jpeg 300w, https:\/\/jsgauloise.fr\/wp-content\/uploads\/2024\/03\/Calendrier-General-des-Jeunes-2024-2_3-scaled-e1718095476180-1024x724.jpeg 1024w, https:\/\/jsgauloise.fr\/wp-content\/uploads\/2024\/03\/Calendrier-General-des-Jeunes-2024-2_3-scaled-e1718095476180-768x543.jpeg 768w, https:\/\/jsgauloise.fr\/wp-content\/uploads\/2024\/03\/Calendrier-General-des-Jeunes-2024-2_3-scaled-e1718095476180-1536x1087.jpeg 1536w, https:\/\/jsgauloise.fr\/wp-content\/uploads\/2024\/03\/Calendrier-General-des-Jeunes-2024-2_3-scaled-e1718095476180-2048x1449.jpeg 2048w, https:\/\/jsgauloise.fr\/wp-content\/uploads\/2024\/03\/Calendrier-General-des-Jeunes-2024-2_3-scaled-e1718095476180-128x91.jpeg 128w, https:\/\/jsgauloise.fr\/wp-content\/uploads\/2024\/03\/Calendrier-General-des-Jeunes-2024-2_3-scaled-e1718095476180-32x23.jpeg 32w\" sizes=\"(max-width: 2560px) 100vw, 2560px\" \/><\/p>\n","protected":false},"excerpt":{"rendered":"<p>Calendrier g\u00e9n\u00e9ral des jeunes pour la saison 2024 (source : Ligue R\u00e9unionnaise de Football) Calendrier \u00e0 t\u00e9l\u00e9charger en fichier PDF<\/p>\n","protected":false},"author":1,"featured_media":7727,"comment_status":"closed","ping_status":"open","sticky":false,"template":"","format":"standard","meta":{"om_disable_all_campaigns":false,"_monsterinsights_skip_tracking":false,"_monsterinsights_sitenote_active":false,"_monsterinsights_sitenote_note":"","_monsterinsights_sitenote_category":0,"ngg_post_thumbnail":0,"footnotes":""},"categories":[31,13,15,16,18,65,66,9,12],"tags":[],"aioseo_notices":[],"_links":{"self":[{"href":"https:\/\/jsgauloise.fr\/index.php?rest_route=\/wp\/v2\/posts\/6506"}],"collection":[{"href":"https:\/\/jsgauloise.fr\/index.php?rest_route=\/wp\/v2\/posts"}],"about":[{"href":"https:\/\/jsgauloise.fr\/index.php?rest_route=\/wp\/v2\/types\/post"}],"author":[{"embeddable":true,"href":"https:\/\/jsgauloise.fr\/index.php?rest_route=\/wp\/v2\/users\/1"}],"replies":[{"embeddable":true,"href":"https:\/\/jsgauloise.fr\/index.php?rest_route=%2Fwp%2Fv2%2Fcomments&post=6506"}],"version-history":[{"count":6,"href":"https:\/\/jsgauloise.fr\/index.php?rest_route=\/wp\/v2\/posts\/6506\/revisions"}],"predecessor-version":[{"id":7730,"href":"https:\/\/jsgauloise.fr\/index.php?rest_route=\/wp\/v2\/posts\/6506\/revisions\/7730"}],"wp:featuredmedia":[{"embeddable":true,"href":"https:\/\/jsgauloise.fr\/index.php?rest_route=\/wp\/v2\/media\/7727"}],"wp:attachment":[{"href":"https:\/\/jsgauloise.fr\/index.php?rest_route=%2Fwp%2Fv2%2Fmedia&parent=6506"}],"wp:term":[{"taxonomy":"category","embeddable":true,"href":"https:\/\/jsgauloise.fr\/index.php?rest_route=%2Fwp%2Fv2%2Fcategories&post=6506"},{"taxonomy":"post_tag","embeddable":true,"href":"https:\/\/jsgauloise.fr\/index.php?rest_route=%2Fwp%2Fv2%2Ftags&post=6506"}],"curies":[{"name":"wp","href":"https:\/\/api.w.org\/{rel}","templated":true}]}}