{"id":4338,"date":"2023-07-30T13:48:10","date_gmt":"2023-07-30T09:48:10","guid":{"rendered":"https:\/\/jsgauloise.fr\/?p=4338"},"modified":"2023-07-30T13:48:10","modified_gmt":"2023-07-30T09:48:10","slug":"annonce-deces-2","status":"publish","type":"post","link":"https:\/\/jsgauloise.fr\/?p=4338","title":{"rendered":"Annonce d\u00e9c\u00e8s"},"content":{"rendered":"<div class=\"xdj266r x11i5rnm xat24cr x1mh8g0r x1vvkbs x126k92a\">\n<div dir=\"auto\">L\u2019ensemble des dirigeants, \u00e9ducateurs et adh\u00e9rents de la JS Gauloise, apportent leur soutien \u00e0 G\u00e9rard ALMAR (\u00e9ducateur des U17) ainsi qu\u2019\u00e0 toute sa famille suite au d\u00e9c\u00e8s de son fr\u00e8re.<\/div>\n<\/div>\n<div class=\"x11i5rnm xat24cr x1mh8g0r x1vvkbs xtlvy1s x126k92a\">\n<div dir=\"auto\">Toutes nos condol\u00e9ances.<\/div>\n<div dir=\"auto\"><img loading=\"lazy\" decoding=\"async\" class=\"aligncenter size-full wp-image-4339\" src=\"https:\/\/jsgauloise.fr\/wp-content\/uploads\/2023\/07\/Annonce-deces-frere-gerard-almar.png\" alt=\"\" width=\"1175\" height=\"985\" srcset=\"https:\/\/jsgauloise.fr\/wp-content\/uploads\/2023\/07\/Annonce-deces-frere-gerard-almar.png 1175w, https:\/\/jsgauloise.fr\/wp-content\/uploads\/2023\/07\/Annonce-deces-frere-gerard-almar-300x251.png 300w, https:\/\/jsgauloise.fr\/wp-content\/uploads\/2023\/07\/Annonce-deces-frere-gerard-almar-1024x858.png 1024w, https:\/\/jsgauloise.fr\/wp-content\/uploads\/2023\/07\/Annonce-deces-frere-gerard-almar-768x644.png 768w, https:\/\/jsgauloise.fr\/wp-content\/uploads\/2023\/07\/Annonce-deces-frere-gerard-almar-128x107.png 128w, https:\/\/jsgauloise.fr\/wp-content\/uploads\/2023\/07\/Annonce-deces-frere-gerard-almar-32x27.png 32w\" sizes=\"(max-width: 1175px) 100vw, 1175px\" \/><\/div>\n<\/div>\n","protected":false},"excerpt":{"rendered":"<p>L\u2019ensemble des dirigeants, \u00e9ducateurs et adh\u00e9rents de la JS Gauloise, apportent leur soutien \u00e0 G\u00e9rard ALMAR (\u00e9ducateur des U17) ainsi qu\u2019\u00e0 toute sa famille suite au d\u00e9c\u00e8s de son fr\u00e8re. [&hellip;]<\/p>\n","protected":false},"author":1,"featured_media":4339,"comment_status":"closed","ping_status":"open","sticky":false,"template":"","format":"standard","meta":{"om_disable_all_campaigns":false,"_monsterinsights_skip_tracking":false,"_monsterinsights_sitenote_active":false,"_monsterinsights_sitenote_note":"","_monsterinsights_sitenote_category":0,"ngg_post_thumbnail":0,"footnotes":""},"categories":[63],"tags":[],"aioseo_notices":[],"_links":{"self":[{"href":"https:\/\/jsgauloise.fr\/index.php?rest_route=\/wp\/v2\/posts\/4338"}],"collection":[{"href":"https:\/\/jsgauloise.fr\/index.php?rest_route=\/wp\/v2\/posts"}],"about":[{"href":"https:\/\/jsgauloise.fr\/index.php?rest_route=\/wp\/v2\/types\/post"}],"author":[{"embeddable":true,"href":"https:\/\/jsgauloise.fr\/index.php?rest_route=\/wp\/v2\/users\/1"}],"replies":[{"embeddable":true,"href":"https:\/\/jsgauloise.fr\/index.php?rest_route=%2Fwp%2Fv2%2Fcomments&post=4338"}],"version-history":[{"count":1,"href":"https:\/\/jsgauloise.fr\/index.php?rest_route=\/wp\/v2\/posts\/4338\/revisions"}],"predecessor-version":[{"id":4340,"href":"https:\/\/jsgauloise.fr\/index.php?rest_route=\/wp\/v2\/posts\/4338\/revisions\/4340"}],"wp:featuredmedia":[{"embeddable":true,"href":"https:\/\/jsgauloise.fr\/index.php?rest_route=\/wp\/v2\/media\/4339"}],"wp:attachment":[{"href":"https:\/\/jsgauloise.fr\/index.php?rest_route=%2Fwp%2Fv2%2Fmedia&parent=4338"}],"wp:term":[{"taxonomy":"category","embeddable":true,"href":"https:\/\/jsgauloise.fr\/index.php?rest_route=%2Fwp%2Fv2%2Fcategories&post=4338"},{"taxonomy":"post_tag","embeddable":true,"href":"https:\/\/jsgauloise.fr\/index.php?rest_route=%2Fwp%2Fv2%2Ftags&post=4338"}],"curies":[{"name":"wp","href":"https:\/\/api.w.org\/{rel}","templated":true}]}}